{"id":2075,"date":"2022-08-12T12:17:00","date_gmt":"2022-08-12T09:17:00","guid":{"rendered":"https:\/\/bakiciburada.com\/blog\/?p=2075"},"modified":"2022-08-12T16:56:45","modified_gmt":"2022-08-12T13:56:45","slug":"bebeklerde-kabizlik-neden-olur-kabizlik-nasil-gecer","status":"publish","type":"post","link":"https:\/\/www.bakiciburada.com\/blog\/bebeklerde-kabizlik-neden-olur-kabizlik-nasil-gecer\/","title":{"rendered":"Bebeklerde Kab\u0131zl\u0131k Neden Olur, Nas\u0131l Ge\u00e7er?"},"content":{"rendered":"\n\n<div class=\"kk-star-ratings kksr-auto kksr-align-left kksr-valign-top\"\n    data-payload=\"{&quot;align&quot;:&quot;left&quot;,&quot;id&quot;:&quot;2075&quot;,&quot;slug&quot;:&quot;default&quot;,&quot;valign&quot;:&quot;top&quot;,&quot;ignore&quot;:&quot;&quot;,&quot;reference&quot;:&quot;auto&quot;,&quot;class&quot;:&quot;&quot;,&quot;count&quot;:&quot;2&quot;,&quot;readonly&quot;:&quot;&quot;,&quot;score&quot;:&quot;4.5&quot;,&quot;best&quot;:&quot;5&quot;,&quot;gap&quot;:&quot;5&quot;,&quot;greet&quot;:&quot;Puanla&quot;,&quot;legend&quot;:&quot;4.5\\\/5 - (2 Oy)&quot;,&quot;size&quot;:&quot;24&quot;,&quot;width&quot;:&quot;128&quot;,&quot;_legend&quot;:&quot;{score}\\\/{best} - ({count} Oy)&quot;,&quot;font_factor&quot;:&quot;1.25&quot;}\">\n    \n<div class=\"kksr-stars\">\n    \n<div class=\"kksr-stars-inactive\">\n            <div class=\"kksr-star\" data-star=\"1\" style=\"padding-right: 5px\">\n            \n\n<div class=\"kksr-icon\" style=\"width: 24px; height: 24px;\"><\/div>\n        <\/div>\n            <div class=\"kksr-star\" data-star=\"2\" style=\"padding-right: 5px\">\n            \n\n<div class=\"kksr-icon\" style=\"width: 24px; height: 24px;\"><\/div>\n        <\/div>\n            <div class=\"kksr-star\" data-star=\"3\" style=\"padding-right: 5px\">\n            \n\n<div class=\"kksr-icon\" style=\"width: 24px; height: 24px;\"><\/div>\n        <\/div>\n            <div class=\"kksr-star\" data-star=\"4\" style=\"padding-right: 5px\">\n            \n\n<div class=\"kksr-icon\" style=\"width: 24px; height: 24px;\"><\/div>\n        <\/div>\n            <div class=\"kksr-star\" data-star=\"5\" style=\"padding-right: 5px\">\n            \n\n<div class=\"kksr-icon\" style=\"width: 24px; height: 24px;\"><\/div>\n        <\/div>\n    <\/div>\n    \n<div class=\"kksr-stars-active\" style=\"width: 128px;\">\n            <div class=\"kksr-star\" style=\"padding-right: 5px\">\n            \n\n<div class=\"kksr-icon\" style=\"width: 24px; height: 24px;\"><\/div>\n        <\/div>\n            <div class=\"kksr-star\" style=\"padding-right: 5px\">\n            \n\n<div class=\"kksr-icon\" style=\"width: 24px; height: 24px;\"><\/div>\n        <\/div>\n            <div class=\"kksr-star\" style=\"padding-right: 5px\">\n            \n\n<div class=\"kksr-icon\" style=\"width: 24px; height: 24px;\"><\/div>\n        <\/div>\n            <div class=\"kksr-star\" style=\"padding-right: 5px\">\n            \n\n<div class=\"kksr-icon\" style=\"width: 24px; height: 24px;\"><\/div>\n        <\/div>\n            <div class=\"kksr-star\" style=\"padding-right: 5px\">\n            \n\n<div class=\"kksr-icon\" style=\"width: 24px; height: 24px;\"><\/div>\n        <\/div>\n    <\/div>\n<\/div>\n    \n\n<div class=\"kksr-legend\" style=\"font-size: 19.2px;\">\n            4.5\/5 - (2 Oy)    <\/div>\n<\/div>\n\n<p>Kab\u0131zl\u0131k ebeveynler taraf\u0131ndan ge\u00e7 kaka yapma ile s\u0131k\u00e7a kar\u0131\u015ft\u0131r\u0131l\u0131r. Baz\u0131 bebekler kakas\u0131n\u0131 beslenmenin ard\u0131ndan ya da 3-4 g\u00fcn sonra da yapabilir. E\u011fer her iki durum, yumu\u015fak k\u0131vamda bir d\u0131\u015fk\u0131lamayla sonu\u00e7lan\u0131yorsa bebe\u011fin kab\u0131z olma durumu s\u00f6z konusu de\u011fildir. Peki,<strong> kab\u0131z olan bebek i\u00e7in ne yapmal\u0131? <\/strong>Anne s\u00fct\u00fc alan bebe\u011fin d\u0131\u015fk\u0131lamas\u0131 normal seyrinde devam ederken mama ile beslenme \u015fekli ba\u011f\u0131rsaklarda s\u0131k\u0131nt\u0131 yaratabilir. Annenin diyet program\u0131nda yer alan besinlerin dikkatli se\u00e7ilmemesi durumunda bebeklerde kab\u0131zl\u0131k ve gaz g\u00f6r\u00fclmesi ka\u00e7\u0131n\u0131lmazd\u0131r. Bundan dolay\u0131 anneler, kendisi ve ek g\u0131daya ge\u00e7en bebe\u011fi i\u00e7in lifli yiyecekler yiyerek kab\u0131zl\u0131\u011f\u0131n olu\u015fmas\u0131n\u0131 \u00f6nleyebilir. <strong>Mama ile beslenen bebeklerde kab\u0131zl\u0131k nas\u0131l giderilir? <\/strong>Bebeklerde kab\u0131zl\u0131k neden olur? Nas\u0131l ge\u00e7er? Bu sorular\u0131n cevaplar\u0131n\u0131 sizler i\u00e7in haz\u0131rlad\u0131k.<\/p>\n\n\n\n<h2><strong>Bebeklerde Kab\u0131zl\u0131k Sebepleri Nelerdir?<\/strong><\/h2>\n\n\n\n<figure class=\"wp-block-image size-large\"><img loading=\"lazy\" width=\"1000\" height=\"666\" src=\"https:\/\/bakiciburada.com\/blog\/wp-content\/uploads\/2020\/09\/bebeklerde-kabizlik-sebepleri-nelerdir.jpg\" alt=\"Bebeklerde Kab\u0131zl\u0131k Neden Olur, Nas\u0131l Ge\u00e7er?\" class=\"wp-image-2076\" srcset=\"https:\/\/www.bakiciburada.com\/blog\/wp-content\/uploads\/2020\/09\/bebeklerde-kabizlik-sebepleri-nelerdir.jpg 1000w, https:\/\/www.bakiciburada.com\/blog\/wp-content\/uploads\/2020\/09\/bebeklerde-kabizlik-sebepleri-nelerdir-300x200.jpg 300w, https:\/\/www.bakiciburada.com\/blog\/wp-content\/uploads\/2020\/09\/bebeklerde-kabizlik-sebepleri-nelerdir-768x511.jpg 768w\" sizes=\"(max-width: 1000px) 100vw, 1000px\" \/><figcaption>Bebeklerde Kab\u0131zl\u0131k Neden Olur, Nas\u0131l Ge\u00e7er?<\/figcaption><\/figure>\n\n\n\n<p>Kab\u0131zl\u0131k, ba\u011f\u0131rsak hareketlerinin yava\u015flamas\u0131ndan dolay\u0131 d\u0131\u015fk\u0131lama yap\u0131lamamas\u0131 olarak tan\u0131mlanabilir. Beslenme d\u00fczeninin ve s\u0131v\u0131 al\u0131m\u0131n\u0131n do\u011fal s\u00fcre\u00e7te ilerleyememesi kab\u0131zl\u0131kla sonu\u00e7lanabilir. D\u0131\u015fk\u0131lama yapamamas\u0131n\u0131n di\u011fer nedenlerini de <a href=\"https:\/\/bakiciburada.com\/blog\/bebegim-kakasini-yapamiyor-ne-yapmaliyim\/\">Bebe\u011fim Kakas\u0131n\u0131 Yapam\u0131yor Ne Yapmal\u0131y\u0131m?<\/a> ba\u015fl\u0131kl\u0131 yaz\u0131m\u0131zdan \u00f6\u011frenebilirsiniz. D\u0131\u015fk\u0131lama sorununa neden olan fakt\u00f6rleri \u015fu \u015fekilde a\u00e7\u0131klayabiliriz:<\/p>\n\n\n\n<ul><li>Ailenin\ngenetik hikayesi, kab\u0131zl\u0131\u011f\u0131n ortaya \u00e7\u0131kmas\u0131nda etkili bir fakt\u00f6rd\u00fcr. Aile\nbireylerinden herhangi birinin bebeklik d\u00f6neminden itibaren g\u00f6r\u00fclen\nbelirtilerden yola \u00e7\u0131k\u0131larak kab\u0131zl\u0131\u011fa neden olan hususlar belirlenebilir.<\/li><li>Demir\ndamlalar\u0131 doktor tavsiyesiyle kullan\u0131l\u0131r ve kab\u0131zl\u0131\u011f\u0131 tetikleyebilir. Yine\nbebe\u011finizin doktoruna dan\u0131\u015farak d\u0131\u015fk\u0131lama probleminden bahsedebilirsiniz.<\/li><li>Yeteri\nkadar beslenen bebeklerin hareketsiz kalmas\u0131 ba\u011f\u0131rsaklar\u0131n h\u0131zl\u0131 \u00e7al\u0131\u015fmas\u0131n\u0131\nengeller.<\/li><li>Ek\ng\u0131daya ge\u00e7en bebekler beslenme \u015feklinden dolay\u0131 d\u0131\u015fk\u0131lama sorunu ya\u015fayabilir.<\/li><li>Ba\u011f\u0131rsak\nfloras\u0131 bebeklerin di\u015f \u00e7\u0131karma d\u00f6neminde farkl\u0131l\u0131\u011fa u\u011frayarak kaka yapma\nal\u0131\u015fkanl\u0131\u011f\u0131n\u0131 de\u011fi\u015ftirebilir.<\/li><li>Bebeklere\nerken d\u00f6nemde verilen inek s\u00fct\u00fc \u00f6nemli sorunlar \u00e7\u0131karabilir.<\/li><li><strong>Anne s\u00fct\u00fc alan bebeklerde kab\u0131zl\u0131k\nnas\u0131l giderilir <\/strong>sorusu\nmerak edilenler aras\u0131ndad\u0131r. \u00d6ncelikle \u015funu iyi bilmek gerekir: Annenin yedi\u011fi\nyiyeceklerin gaz ve kab\u0131zl\u0131k yap\u0131c\u0131 \u00f6zelliklerde olmas\u0131, anne s\u00fct\u00fc alan\nbebekleri do\u011frudan etkiler. <\/li><li>Yanl\u0131\u015f\nila\u00e7 kullanmak a\u011fr\u0131l\u0131 d\u0131\u015fk\u0131lamay\u0131 meydana getirir.<\/li><li>Bebekteki\nmakat darl\u0131\u011f\u0131 kaka yaparken s\u0131k\u0131nt\u0131 yarat\u0131r.<\/li><li>Bebe\u011fin\nmakat\u0131ndaki \u00e7atlak da d\u0131\u015fk\u0131laman\u0131n gecikerek kab\u0131zl\u0131\u011fa d\u00f6n\u00fc\u015fmesine neden olur.<\/li><\/ul>\n\n\n\n<h2><strong>Bebeklerde G\u00f6r\u00fclen Kab\u0131zl\u0131k\nBelirtileri<\/strong><\/h2>\n\n\n\n<p>Bebeklerin ba\u011f\u0131rsak d\u00fczenindeki yava\u015flamalar sonucunda\nolu\u015fan kab\u0131zl\u0131k belirtilerinden \u015fu \u015fekilde bahsedebiliriz:<\/p>\n\n\n\n<ul><li>D\u0131\u015fk\u0131lama gecikerek, ke\u00e7i pisli\u011fine benzeyen sert\nve kuru yap\u0131da par\u00e7a par\u00e7a \u00e7\u0131kar.<\/li><li>Sertle\u015fen karn\u0131 a\u011fr\u0131d\u0131\u011f\u0131 i\u00e7in bebeklerde\nhuzursuzluk artar.<\/li><li>Kab\u0131z olan bebe\u011fin bezinde kaka izi g\u00f6r\u00fcl\u00fcr.<\/li><li>Sert d\u0131\u015fk\u0131lama olduk\u00e7a keskin bir kokuya\nsahiptir.<\/li><li>Bebe\u011fin i\u015ftah\u0131 kesilir.<\/li><\/ul>\n\n\n\n<h2><strong>\u0130lk Aylarda Ya\u015fanan Kab\u0131zl\u0131k Sorunu\nG\u00f6zden Ka\u00e7\u0131r\u0131lmamal\u0131!<\/strong><\/h2>\n\n\n\n<figure class=\"wp-block-image size-large\"><img loading=\"lazy\" width=\"1000\" height=\"666\" src=\"https:\/\/bakiciburada.com\/blog\/wp-content\/uploads\/2020\/09\/ilk-aylarda-yasanan-kabizlik-sorunu.jpg\" alt=\"\u0130lk Aylarda Ya\u015fanan Kab\u0131zl\u0131k Sorunu G\u00f6zden Ka\u00e7\u0131r\u0131lmamal\u0131!\" class=\"wp-image-2078\" srcset=\"https:\/\/www.bakiciburada.com\/blog\/wp-content\/uploads\/2020\/09\/ilk-aylarda-yasanan-kabizlik-sorunu.jpg 1000w, https:\/\/www.bakiciburada.com\/blog\/wp-content\/uploads\/2020\/09\/ilk-aylarda-yasanan-kabizlik-sorunu-300x200.jpg 300w, https:\/\/www.bakiciburada.com\/blog\/wp-content\/uploads\/2020\/09\/ilk-aylarda-yasanan-kabizlik-sorunu-768x511.jpg 768w\" sizes=\"(max-width: 1000px) 100vw, 1000px\" \/><figcaption> \u0130lk Aylarda Ya\u015fanan Kab\u0131zl\u0131k Sorunu G\u00f6zden Ka\u00e7\u0131r\u0131lmamal\u0131! <\/figcaption><\/figure>\n\n\n\n<h2><strong>Yenido\u011fan Bebeklerde Kab\u0131zl\u0131k<\/strong><\/h2>\n\n\n\n<p>Yenido\u011fan bebeklerin kab\u0131zl\u0131kla kar\u015f\u0131la\u015fmas\u0131 ciddi\nsorunlar\u0131n habercisi olabilir. \u00d6nemsenmedi\u011fi takdirde ba\u011f\u0131rsaklar\u0131n\nt\u0131kanmas\u0131yla ameliyat\u0131n gerekli oldu\u011fu bir durum ya\u015fanabilir. Bu y\u00fczden yenido\u011fan\nbebeklerin d\u0131\u015fk\u0131lama s\u00fcreci mutlaka takip edilmelidir. Kab\u0131zl\u0131\u011f\u0131n ge\u00e7memesi\nhalinde mutlaka doktora gidilmelidir.<\/p>\n\n\n\n<h2><strong>2 Ayl\u0131k Bebeklerde Kab\u0131zl\u0131k<\/strong><\/h2>\n\n\n\n<p><strong>2 ayl\u0131k bebeklerde\nkab\u0131zl\u0131k nas\u0131l giderilir? <\/strong>\u00d6ncelikle kaka renginin koyulu\u011fu ve sert \u015fekilde\nolmas\u0131 kab\u0131zl\u0131\u011f\u0131n g\u00f6ze \u00e7arpan belirtilerindendir. 2 ayl\u0131k bebe\u011fin kab\u0131zl\u0131k\nsorununu d\u00fczeltmek i\u00e7in sadece doktor kontrol\u00fcnde verilen ila\u00e7lar\nkullan\u0131labilir.<\/p>\n\n\n\n<h2><strong>3 Ayl\u0131k Bebeklerde Kab\u0131zl\u0131k<\/strong><\/h2>\n\n\n\n<p><strong>3 ayl\u0131k bebeklerde\nkab\u0131zl\u0131k <\/strong>hali olu\u015ftu\u011funda kar\u0131n a\u011fr\u0131mas\u0131 g\u00f6r\u00fcl\u00fcr. Bebekler bu d\u00f6nemde de\ngaz sorununu tam olarak atlatamad\u0131\u011f\u0131 i\u00e7in kab\u0131zl\u0131k da beraberinde geli\u015fir. Anne\ns\u00fct\u00fc yetersiz geldi\u011finde 3 ayl\u0131k bir bebe\u011fe inek s\u00fct\u00fc i\u00e7irmeye \u00e7al\u0131\u015fmak\nkab\u0131zl\u0131\u011f\u0131n olu\u015fmas\u0131na nedendir. <\/p>\n\n\n\n<h2><strong>6 Ayl\u0131k Bebeklerde Kab\u0131zl\u0131k<\/strong><\/h2>\n\n\n\n<p>Ek g\u0131dalara ge\u00e7en bebeklerde beslenmeye ba\u011fl\u0131 olarak\nkab\u0131zl\u0131k g\u00f6r\u00fclebilir. D\u00fcnyaya gelir gelmez anne s\u00fct\u00fcnden yararlanan ya da mama\nile tan\u0131\u015fan bebekler yeni tatlara hemen uyum sa\u011flamayabilir. Lifli olmayan\ng\u0131dalar\u0131n tercih edilmesi <strong>6 ayl\u0131k\nbebeklerde kab\u0131zl\u0131k<\/strong> olu\u015fmas\u0131na neden olabilir. \u00d6zellikle pirin\u00e7 ve patates\ngibi yiyecekler tek ba\u015f\u0131na verilmemelidir. <strong><\/strong><\/p>\n\n\n\n<h2><strong>Bebeklerde Kab\u0131zl\u0131k Nas\u0131l Sona Erer?<\/strong><\/h2>\n\n\n\n<figure class=\"wp-block-image size-large\"><img loading=\"lazy\" width=\"1000\" height=\"666\" src=\"https:\/\/bakiciburada.com\/blog\/wp-content\/uploads\/2020\/09\/bebeklerde-kabizlik-nasil-sona-erer.jpg\" alt=\"Bebeklerde Kab\u0131zl\u0131k Nas\u0131l Sona Erer?\" class=\"wp-image-2081\" srcset=\"https:\/\/www.bakiciburada.com\/blog\/wp-content\/uploads\/2020\/09\/bebeklerde-kabizlik-nasil-sona-erer.jpg 1000w, https:\/\/www.bakiciburada.com\/blog\/wp-content\/uploads\/2020\/09\/bebeklerde-kabizlik-nasil-sona-erer-300x200.jpg 300w, https:\/\/www.bakiciburada.com\/blog\/wp-content\/uploads\/2020\/09\/bebeklerde-kabizlik-nasil-sona-erer-768x511.jpg 768w\" sizes=\"(max-width: 1000px) 100vw, 1000px\" \/><figcaption> Bebeklerde Kab\u0131zl\u0131k Nas\u0131l Sona Erer? <\/figcaption><\/figure>\n\n\n\n<p>D\u0131\u015fk\u0131lama s\u0131k\u0131nt\u0131s\u0131n\u0131n belirtileri fark edildikten sonra bebekler <strong>kab\u0131zl\u0131ktan nas\u0131l kurtulur, <\/strong>bu soruyu cevapland\u0131ral\u0131m.  Bebeklerde kab\u0131zl\u0131k neden olur, nas\u0131l ge\u00e7er? yaz\u0131m\u0131z\u0131n en \u00f6nemli ad\u0131m\u0131na geldik.<\/p>\n\n\n\n<ul><li>\u00d6ncelikle bebe\u011fin diyet program\u0131 g\u00f6zden\nge\u00e7irilerek kab\u0131zl\u0131\u011fa neden olan besinler verilmemelidir. Sebze, meyve ve lif\na\u011f\u0131rl\u0131kl\u0131 ek g\u0131dalar verilmesi kab\u0131zl\u0131\u011f\u0131 \u00f6nledi\u011fi i\u00e7in tercih edebilirsiniz.<\/li><li>Anne s\u00fct\u00fcn\u00fcn yeterli gelmedi\u011fi durumlarda mama\nile beslenen bebeklerin su i\u00e7mesi ba\u011f\u0131rsak hareketini d\u00fczenli hale getirir. <\/li><li>Ek g\u0131daya hen\u00fcz yeni ge\u00e7en bebeklerin ka\u015f\u0131k\nmiktar\u0131nda a\u015f\u0131r\u0131ya ka\u00e7mak kab\u0131zl\u0131\u011f\u0131 direkt olarak etkiler. Bebe\u011finizin kat\u0131\ng\u0131dalarla yeni tan\u0131\u015fmaya ba\u015flad\u0131\u011f\u0131n\u0131, sindirim sisteminin ise bu s\u00fcrece yava\u015f\nyava\u015f al\u0131\u015faca\u011f\u0131n\u0131 unutmay\u0131n!<\/li><li>Kab\u0131zl\u0131\u011f\u0131 ve <strong>gaz\u0131 olan bebe\u011fe zeytinya\u011f\u0131 verilir mi?<\/strong> Zeytinya\u011f\u0131 6. aydan sonra\ntercih edilebilirken, do\u011frudan verilmemelidir. Yiyeceklerin i\u00e7erisine 1 tatl\u0131\nka\u015f\u0131\u011f\u0131 kat\u0131labilir.<\/li><li>Kab\u0131z olan bebeklere kakas\u0131n\u0131 yumu\u015fatmak i\u00e7in\nkay\u0131s\u0131 veya elma suyu verilebilir.<\/li><li>Bebe\u011finizin kar\u0131n b\u00f6lgesine dairesel el\nhareketleriyle rahatlat\u0131c\u0131 bir masaj yaparak ba\u011f\u0131rsaklar\u0131n hareketlenmesine\nyard\u0131mc\u0131 olabilirsiniz.<\/li><li>Il\u0131k bir banyo bebe\u011finizin kaslar\u0131n\u0131 gev\u015feterek rahatlamas\u0131n\u0131\nsa\u011flar.<\/li><li>Bebe\u011finize bisiklet \u00e7evirme hareketleri\nuygulayabilirsiniz.<\/li><\/ul>\n\n\n\n<h2><strong>Bebeklerin Kab\u0131z Olmas\u0131na Neden Olan\nG\u0131dalar<\/strong><\/h2>\n\n\n\n<figure class=\"wp-block-image size-large\"><img loading=\"lazy\" width=\"1000\" height=\"666\" src=\"https:\/\/bakiciburada.com\/blog\/wp-content\/uploads\/2020\/09\/bebeklerin-kabiz-olmasina-neden-olan-gidalar.jpg\" alt=\"Bebeklerin Kab\u0131z Olmas\u0131na Neden Olan G\u0131dalar\" class=\"wp-image-2083\" srcset=\"https:\/\/www.bakiciburada.com\/blog\/wp-content\/uploads\/2020\/09\/bebeklerin-kabiz-olmasina-neden-olan-gidalar.jpg 1000w, https:\/\/www.bakiciburada.com\/blog\/wp-content\/uploads\/2020\/09\/bebeklerin-kabiz-olmasina-neden-olan-gidalar-300x200.jpg 300w, https:\/\/www.bakiciburada.com\/blog\/wp-content\/uploads\/2020\/09\/bebeklerin-kabiz-olmasina-neden-olan-gidalar-768x511.jpg 768w\" sizes=\"(max-width: 1000px) 100vw, 1000px\" \/><figcaption> Bebeklerin Kab\u0131z Olmas\u0131na Neden Olan G\u0131dalar <\/figcaption><\/figure>\n\n\n\n<p>Bebeklerin g\u00fczde en az 1 defa kaka yapmas\u0131 beklenirken,\nd\u0131\u015fk\u0131lama sorunu oldu\u011funda 3 g\u00fcnden fazla s\u00fcrebilir. Sertle\u015fen kaka bebe\u011fi\nrahats\u0131z etmeye ba\u015flad\u0131\u011f\u0131nda mutlaka bir doktora ba\u015fvurulmal\u0131d\u0131r. \u015eimdi <strong>hangi yiyecek ve i\u00e7ecekler kab\u0131zl\u0131k yapar <\/strong>sorusuna\ncevap bulabilirsiniz.<\/p>\n\n\n\n<ul><li>\u0130nek s\u00fct\u00fc<\/li><li>Ke\u00e7i s\u00fct\u00fc <\/li><li>Patates<\/li><li>Muz<\/li><li>Havu\u00e7<\/li><li>Yo\u011furt<\/li><li>Peynir<\/li><li>Beyaz ekmek<\/li><li>\u00c7ikolata<\/li><li>\u015eekerli \u00fcr\u00fcnler<\/li><\/ul>\n\n\n\n<h2><strong>Kab\u0131z Olan Bebeklere \u0130yi gelen\nBesinler<\/strong><\/h2>\n\n\n\n<p>Bebeklerin kab\u0131zl\u0131ktan kurtulmas\u0131 i\u00e7in beslenme listesi\nyeniden d\u00fczenlenmesi gerekir. B\u00f6ylece ba\u011f\u0131rsaktaki sert d\u0131\u015fk\u0131 yumu\u015fat\u0131labilir. <strong>Bebeklerde kab\u0131zl\u0131\u011fa hangi yiyecekler iyi\ngelir, <\/strong>\u015fu \u015fekilde s\u0131ralanabilir:<\/p>\n\n\n\n<ul><li>Bezelye, ha\u015flanarak p\u00fcreye d\u00f6n\u00fc\u015ft\u00fcr\u00fclebilir. <\/li><li>Ispanak yeme\u011fi 7. aydan itibaren yedirilmelidir.<\/li><li>Ha\u015flanm\u0131\u015f kabak ezilerek haz\u0131rlanabilir.<\/li><li>Brokoli, ha\u015flanm\u0131\u015f ya da \u00e7orba \u015feklinde verilebilir.<\/li><li>Erik, ho\u015faf ya da p\u00fcre \u015feklinde haz\u0131rlanabilir.<\/li><li>Kay\u0131s\u0131, lif y\u00f6n\u00fc kuvvetli olan bir meyvedir.\nHo\u015faf yap\u0131lmas\u0131n\u0131n yan\u0131 s\u0131ra armut ile beraber p\u00fcre halinde yedirilebilir. <\/li><li>\u00dcz\u00fcm de kompostosu yap\u0131lan meyveler aras\u0131ndad\u0131r.<\/li><\/ul>\n\n\n\n<h2><strong>Kab\u0131z Olan Bebe\u011fe Fitil Kullanmak\nDo\u011fru Mudur?<\/strong><\/h2>\n\n\n\n<figure class=\"wp-block-image size-large\"><img loading=\"lazy\" width=\"1000\" height=\"666\" src=\"https:\/\/bakiciburada.com\/blog\/wp-content\/uploads\/2020\/09\/kabiz-olan-bebege-fitil-kullanmak-dogru-mudur.jpg\" alt=\"Kab\u0131z Olan Bebe\u011fe Fitil Kullanmak Do\u011fru Mudur?\" class=\"wp-image-2079\" srcset=\"https:\/\/www.bakiciburada.com\/blog\/wp-content\/uploads\/2020\/09\/kabiz-olan-bebege-fitil-kullanmak-dogru-mudur.jpg 1000w, https:\/\/www.bakiciburada.com\/blog\/wp-content\/uploads\/2020\/09\/kabiz-olan-bebege-fitil-kullanmak-dogru-mudur-300x200.jpg 300w, https:\/\/www.bakiciburada.com\/blog\/wp-content\/uploads\/2020\/09\/kabiz-olan-bebege-fitil-kullanmak-dogru-mudur-768x511.jpg 768w\" sizes=\"(max-width: 1000px) 100vw, 1000px\" \/><figcaption> Kab\u0131z Olan Bebe\u011fe Fitil Kullanmak Do\u011fru Mudur? <\/figcaption><\/figure>\n\n\n\n<p><strong>Kab\u0131zl\u0131\u011fa en \u00e7abuk ne\niyi gelir <\/strong>sorusu ak\u0131llara ilk fitil se\u00e7ene\u011fini getirse de bu y\u00f6nteme\n\u00f6ncelik verilmemelidir. Fitil, gliserinli bir yap\u0131da oldu\u011fu i\u00e7in sertle\u015fen\nkakay\u0131 yumu\u015fatarak bebeklerin rahat kaka yapmalar\u0131na yard\u0131mc\u0131 olur. Hangi\ns\u0131kl\u0131kla ve aral\u0131klarla bebeklere uygulanmas\u0131 gerekti\u011fi ancak doktor taraf\u0131ndan\nbelirlenebilir. Ancak s\u00fcrekli fitil kullanmay\u0131 kolayl\u0131k olarak g\u00f6rmek,\nbebeklerin uyar\u0131 sayesinde kaka yapmas\u0131na neden olur. Bu y\u00fczden kab\u0131zl\u0131k i\u00e7in\nkullan\u0131lan fitiller doktorun g\u00f6zetiminde verilmelidir.<\/p>\n\n\n\n<h2><strong>Bebeklerde Kab\u0131zl\u0131\u011fa \u0130yi Gelen\nBitkisel Tarifler<\/strong><\/h2>\n\n\n\n<figure class=\"wp-block-image size-large\"><img loading=\"lazy\" width=\"1000\" height=\"663\" src=\"https:\/\/bakiciburada.com\/blog\/wp-content\/uploads\/2020\/09\/bebeklerde-kabizliga-iyi-gelen-bitkisel-tarifler.jpg\" alt=\"Bebeklerde Kab\u0131zl\u0131\u011fa \u0130yi Gelen Bitkisel Tarifler\" class=\"wp-image-2080\" srcset=\"https:\/\/www.bakiciburada.com\/blog\/wp-content\/uploads\/2020\/09\/bebeklerde-kabizliga-iyi-gelen-bitkisel-tarifler.jpg 1000w, https:\/\/www.bakiciburada.com\/blog\/wp-content\/uploads\/2020\/09\/bebeklerde-kabizliga-iyi-gelen-bitkisel-tarifler-300x199.jpg 300w, https:\/\/www.bakiciburada.com\/blog\/wp-content\/uploads\/2020\/09\/bebeklerde-kabizliga-iyi-gelen-bitkisel-tarifler-768x509.jpg 768w\" sizes=\"(max-width: 1000px) 100vw, 1000px\" \/><figcaption> Bebeklerde Kab\u0131zl\u0131\u011fa \u0130yi Gelen Bitkisel Tarifler <\/figcaption><\/figure>\n\n\n\n<p>Bebeklerde<strong> kab\u0131zl\u0131\u011fa\nne iyi gelir evde \u00e7\u00f6z\u00fcm <\/strong>i\u00e7in birka\u00e7 tarif haz\u0131rlad\u0131k. Bu tarifleri\nuygulamadan \u00f6nce doktorunuza dan\u0131\u015farak alerji yapma olas\u0131l\u0131\u011f\u0131n\u0131\n\u00f6\u011frenebilirsiniz.<\/p>\n\n\n\n<h2><strong>\u015eeftalili ve \u0130rmikli Muhallebi<\/strong><\/h2>\n\n\n\n<p>1 yemek ka\u015f\u0131\u011f\u0131 irmi\u011fe 1\/2 su barda\u011f\u0131 suyu d\u00f6kt\u00fckten sonra\nistenilen k\u0131vam olu\u015fana kadar pi\u015firin. Kabuklar\u0131 soyulan 2 adet orta boy\n\u015feftaliyi rendeleyin. 6-7 adet bebe bisk\u00fcvisini elinizle par\u00e7alayarak \u015feftali\nrendesinin \u00fczerine b\u0131rak\u0131p kar\u0131\u015ft\u0131r\u0131n. Daha sonra t\u00fcm malzemeleri \u0131l\u0131yan irmi\u011fe\nilave edip kar\u0131\u015ft\u0131r\u0131n. <\/p>\n\n\n\n<h2><strong>Kuru Meyve P\u00fcresi<\/strong><\/h2>\n\n\n\n<p>1 adet armudun kabu\u011funu soyup irice do\u011fray\u0131n. 6 adet ye\u015fil \u00fcz\u00fcm\u00fcn \u00e7ekirde\u011fini \u00e7\u0131kar\u0131n. Daha sonra 3-4 adet g\u00fcn kurusu kay\u0131s\u0131y\u0131 da y\u0131kad\u0131ktan sonra di\u011fer malzemelerle beraber bo\u015f bir tencerenin i\u00e7ine al\u0131n. Meyvelerin \u00fcst\u00fcnde kalacak \u015fekilde su ilave ettikten sonra malzemeleri yumu\u015fayana kadar pi\u015firin. K\u00fc\u00e7\u00fck bir tencerede 1,5-2 yemek ka\u015f\u0131\u011f\u0131 pirin\u00e7 unu ile 1,5-2 su barda\u011f\u0131 suyu kullanarak muhallebi pi\u015firin. Meyveleri blender yard\u0131m\u0131yla ezdikten sonra haz\u0131rlanan muhallebiye ilave ederek kar\u0131\u015ft\u0131r\u0131n. <\/p>\n\n\n\n<p>Bu tarifler sayesinde <strong>ba\u011f\u0131rsaklar\u0131 ne \u00e7al\u0131\u015ft\u0131r\u0131r bitkisel <\/strong>y\u00f6ntemler nelerdir sorusuna cevap bulabilirsiniz. Ayr\u0131ca bu p\u00fcreleri bebe\u011finizin ek g\u0131daya ge\u00e7ti\u011fi 6. ay\u0131ndan itibaren vermeye ba\u015flayabilirsiniz.<\/p>\n\n\n\n<p>Bebeklerde kab\u0131zl\u0131k neden olur, nas\u0131l ge\u00e7er? sorular\u0131m\u0131z\u0131n cevaplar\u0131n\u0131 yaz\u0131m\u0131zda arad\u0131k. \u015eimdi s\u0131ra ailelerin en \u00e7ok zorland\u0131\u011f\u0131 konu olan g\u00fcvenilir bak\u0131c\u0131y\u0131 nereden, nas\u0131l bulaca\u011f\u0131m\u0131z. \u0130\u015fte size \u00f6nerimiz. <\/p>\n\n\n\n<h2><strong>Bebe\u011finizin En Hassas D\u00f6nemi\nG\u00fcvenilir Bak\u0131c\u0131lar Sayesinde Rahat Ge\u00e7iyor!<\/strong><\/h2>\n\n\n\n<p>Bebeklerin kab\u0131z olmas\u0131yla artan rahats\u0131zl\u0131klar \u00e7\u00f6z\u00fcme\nkavu\u015fturulurken g\u00f6z\u00fcn\u00fcz arkada kalmas\u0131n. \u00c7al\u0131\u015fan ailelerin en b\u00fcy\u00fck destek\u00e7isi\nolan <a href=\"https:\/\/www.bakiciburada.com\/\">Bakiciburada.com<\/a> bak\u0131c\u0131lar\u0131n\u0131n\ndeneyimli ve \u015fefkatli olmalar\u0131 sayesinde bebe\u011finiz kendini g\u00fcvende hisseder. <\/p>\n\n\n\n<p>\u0130htiya\u00e7lar\u0131n\u0131z do\u011frultusunda e\u011fitimli bak\u0131c\u0131 talebinize en uygun ki\u015fiyi bulabilmek i\u00e7in <a href=\"https:\/\/www.bakiciburada.com\/\">Bakiciburada.com<\/a> sayfalar\u0131n\u0131 ziyaret edebilirsiniz. Alaca\u011f\u0131n\u0131z \u00fcyelik paketiyle, \u00fcyeli\u011finiz boyunca ihtiyac\u0131n\u0131z olabilecek, bebek bak\u0131c\u0131s\u0131, ev yard\u0131mc\u0131s\u0131, oyun ablas\u0131, \u00f6zel ders \u00f6\u011fretmeni, ya\u015fl\u0131 hasta bak\u0131c\u0131s\u0131, temizlik\u00e7i gibi ihtiya\u00e7lar\u0131n\u0131z\u0131 kar\u015f\u0131layabilirsiniz. Hem ilan girip, dad\u0131lar\u0131n ilan\u0131n\u0131za ba\u015fvuru yapmas\u0131n\u0131 sa\u011flayabilir, hem de dad\u0131larla mesajla\u015farak ileti\u015fim kurabilirsiniz. <\/p>\n","protected":false},"excerpt":{"rendered":"<p>4.5\/5 &#8211; (2 Oy) Kab\u0131zl\u0131k ebeveynler taraf\u0131ndan ge\u00e7 kaka yapma ile s\u0131k\u00e7a kar\u0131\u015ft\u0131r\u0131l\u0131r. Baz\u0131 bebekler kakas\u0131n\u0131 beslenmenin ard\u0131ndan ya da 3-4 g\u00fcn sonra da yapabilir.&hellip; <\/p>\n","protected":false},"author":1,"featured_media":2082,"comment_status":"closed","ping_status":"open","sticky":false,"template":"","format":"standard","meta":[],"categories":[1],"tags":[470,469,468,472,478,475,480,476,479,473,477,474,471],"yoast_head":"<!-- This site is optimized with the Yoast SEO plugin v18.2 - https:\/\/yoast.com\/wordpress\/plugins\/seo\/ -->\r\n<title>Bebeklerde Kab\u0131zl\u0131k Neden Olur, Nas\u0131l Ge\u00e7er? - Bakiciburada.com<\/title>\r\n<meta name=\"description\" content=\"Bebeklerde Kab\u0131zl\u0131k Neden Olur, Nas\u0131l Ge\u00e7er? Bebeklerin Kab\u0131z Olmas\u0131na Neden Olan G\u0131dalar, Kab\u0131zl\u0131\u011fa \u0130yi Gelen Bitkisel Tarifler\" \/>\r\n<meta name=\"robots\" content=\"index, follow, max-snippet:-1, max-image-preview:large, max-video-preview:-1\" \/>\r\n<link rel=\"canonical\" href=\"https:\/\/www.bakiciburada.com\/blog\/bebeklerde-kabizlik-neden-olur-kabizlik-nasil-gecer\/\" \/>\r\n<meta property=\"og:locale\" content=\"tr_TR\" \/>\r\n<meta property=\"og:type\" content=\"article\" \/>\r\n<meta property=\"og:title\" content=\"Bebeklerde Kab\u0131zl\u0131k Neden Olur, Nas\u0131l Ge\u00e7er? - Bakiciburada.com\" \/>\r\n<meta property=\"og:description\" content=\"Bebeklerde Kab\u0131zl\u0131k Neden Olur, Nas\u0131l Ge\u00e7er? Bebeklerin Kab\u0131z Olmas\u0131na Neden Olan G\u0131dalar, Kab\u0131zl\u0131\u011fa \u0130yi Gelen Bitkisel Tarifler\" \/>\r\n<meta property=\"og:url\" content=\"https:\/\/www.bakiciburada.com\/blog\/bebeklerde-kabizlik-neden-olur-kabizlik-nasil-gecer\/\" \/>\r\n<meta property=\"og:site_name\" content=\"Bakiciburada.com\" \/>\r\n<meta property=\"article:publisher\" content=\"https:\/\/www.facebook.com\/bakiciburada\" \/>\r\n<meta property=\"article:published_time\" content=\"2022-08-12T09:17:00+00:00\" \/>\r\n<meta property=\"article:modified_time\" content=\"2022-08-12T13:56:45+00:00\" \/>\r\n<meta property=\"og:image\" content=\"https:\/\/www.bakiciburada.com\/blog\/wp-content\/uploads\/2020\/09\/bebeklerde-kabizlik-neden-olur.jpg\" \/>\r\n\t<meta property=\"og:image:width\" content=\"1000\" \/>\r\n\t<meta property=\"og:image:height\" content=\"666\" \/>\r\n\t<meta property=\"og:image:type\" content=\"image\/jpeg\" \/>\r\n<meta name=\"twitter:card\" content=\"summary_large_image\" \/>\r\n<meta name=\"twitter:creator\" content=\"@bakiciburadacom\" \/>\r\n<meta name=\"twitter:site\" content=\"@bakiciburadacom\" \/>\r\n<meta name=\"twitter:label1\" content=\"Yazan:\" \/>\n\t<meta name=\"twitter:data1\" content=\"bakiciburada.com\" \/>\n\t<meta name=\"twitter:label2\" content=\"Tahmini okuma s\u00fcresi\" \/>\n\t<meta name=\"twitter:data2\" content=\"9 dakika\" \/>\r\n<script type=\"application\/ld+json\" class=\"yoast-schema-graph\">{\"@context\":\"https:\/\/schema.org\",\"@graph\":[{\"@type\":\"Organization\",\"@id\":\"https:\/\/www.bakiciburada.com\/blog\/#organization\",\"name\":\"Bakiciburada.com\",\"url\":\"https:\/\/www.bakiciburada.com\/blog\/\",\"sameAs\":[\"https:\/\/www.facebook.com\/bakiciburada\",\"https:\/\/www.instagram.com\/bakiciburada\/\",\"https:\/\/www.linkedin.com\/company\/bakiciburada-com\",\"https:\/\/twitter.com\/bakiciburadacom\"],\"logo\":{\"@type\":\"ImageObject\",\"@id\":\"https:\/\/www.bakiciburada.com\/blog\/#logo\",\"inLanguage\":\"tr\",\"url\":\"https:\/\/www.bakiciburada.com\/blog\/wp-content\/uploads\/2020\/02\/bakiciburada-logo.png\",\"contentUrl\":\"https:\/\/www.bakiciburada.com\/blog\/wp-content\/uploads\/2020\/02\/bakiciburada-logo.png\",\"width\":300,\"height\":47,\"caption\":\"Bakiciburada.com\"},\"image\":{\"@id\":\"https:\/\/www.bakiciburada.com\/blog\/#logo\"}},{\"@type\":\"WebSite\",\"@id\":\"https:\/\/www.bakiciburada.com\/blog\/#website\",\"url\":\"https:\/\/www.bakiciburada.com\/blog\/\",\"name\":\"Bakiciburada.com\",\"description\":\"Bebek Bak\u0131m\u0131, Ev \u0130\u015flerine Destek, Ya\u015fl\u0131 Bak\u0131m\u0131. Merak ettikleriniz burada.\",\"publisher\":{\"@id\":\"https:\/\/www.bakiciburada.com\/blog\/#organization\"},\"potentialAction\":[{\"@type\":\"SearchAction\",\"target\":{\"@type\":\"EntryPoint\",\"urlTemplate\":\"https:\/\/www.bakiciburada.com\/blog\/?s={search_term_string}\"},\"query-input\":\"required name=search_term_string\"}],\"inLanguage\":\"tr\"},{\"@type\":\"ImageObject\",\"@id\":\"https:\/\/www.bakiciburada.com\/blog\/bebeklerde-kabizlik-neden-olur-kabizlik-nasil-gecer\/#primaryimage\",\"inLanguage\":\"tr\",\"url\":\"https:\/\/www.bakiciburada.com\/blog\/wp-content\/uploads\/2020\/09\/bebeklerde-kabizlik-neden-olur.jpg\",\"contentUrl\":\"https:\/\/www.bakiciburada.com\/blog\/wp-content\/uploads\/2020\/09\/bebeklerde-kabizlik-neden-olur.jpg\",\"width\":1000,\"height\":666},{\"@type\":\"WebPage\",\"@id\":\"https:\/\/www.bakiciburada.com\/blog\/bebeklerde-kabizlik-neden-olur-kabizlik-nasil-gecer\/#webpage\",\"url\":\"https:\/\/www.bakiciburada.com\/blog\/bebeklerde-kabizlik-neden-olur-kabizlik-nasil-gecer\/\",\"name\":\"Bebeklerde Kab\u0131zl\u0131k Neden Olur, Nas\u0131l Ge\u00e7er? - Bakiciburada.com\",\"isPartOf\":{\"@id\":\"https:\/\/www.bakiciburada.com\/blog\/#website\"},\"primaryImageOfPage\":{\"@id\":\"https:\/\/www.bakiciburada.com\/blog\/bebeklerde-kabizlik-neden-olur-kabizlik-nasil-gecer\/#primaryimage\"},\"datePublished\":\"2022-08-12T09:17:00+00:00\",\"dateModified\":\"2022-08-12T13:56:45+00:00\",\"description\":\"Bebeklerde Kab\u0131zl\u0131k Neden Olur, Nas\u0131l Ge\u00e7er? Bebeklerin Kab\u0131z Olmas\u0131na Neden Olan G\u0131dalar, Kab\u0131zl\u0131\u011fa \u0130yi Gelen Bitkisel Tarifler\",\"breadcrumb\":{\"@id\":\"https:\/\/www.bakiciburada.com\/blog\/bebeklerde-kabizlik-neden-olur-kabizlik-nasil-gecer\/#breadcrumb\"},\"inLanguage\":\"tr\",\"potentialAction\":[{\"@type\":\"ReadAction\",\"target\":[\"https:\/\/www.bakiciburada.com\/blog\/bebeklerde-kabizlik-neden-olur-kabizlik-nasil-gecer\/\"]}]},{\"@type\":\"BreadcrumbList\",\"@id\":\"https:\/\/www.bakiciburada.com\/blog\/bebeklerde-kabizlik-neden-olur-kabizlik-nasil-gecer\/#breadcrumb\",\"itemListElement\":[{\"@type\":\"ListItem\",\"position\":1,\"name\":\"Ana sayfa\",\"item\":\"https:\/\/www.bakiciburada.com\/blog\/\"},{\"@type\":\"ListItem\",\"position\":2,\"name\":\"Genel\",\"item\":\"https:\/\/www.bakiciburada.com\/blog\/kategori\/genel\/\"},{\"@type\":\"ListItem\",\"position\":3,\"name\":\"Bebeklerde Kab\u0131zl\u0131k Neden Olur, Nas\u0131l Ge\u00e7er?\"}]},{\"@type\":\"NewsArticle\",\"@id\":\"https:\/\/www.bakiciburada.com\/blog\/bebeklerde-kabizlik-neden-olur-kabizlik-nasil-gecer\/#article\",\"isPartOf\":{\"@id\":\"https:\/\/www.bakiciburada.com\/blog\/bebeklerde-kabizlik-neden-olur-kabizlik-nasil-gecer\/#webpage\"},\"author\":{\"@id\":\"https:\/\/www.bakiciburada.com\/blog\/#\/schema\/person\/9dfa95f360265ef065ec8df965722045\"},\"headline\":\"Bebeklerde Kab\u0131zl\u0131k Neden Olur, Nas\u0131l Ge\u00e7er?\",\"datePublished\":\"2022-08-12T09:17:00+00:00\",\"dateModified\":\"2022-08-12T13:56:45+00:00\",\"mainEntityOfPage\":{\"@id\":\"https:\/\/www.bakiciburada.com\/blog\/bebeklerde-kabizlik-neden-olur-kabizlik-nasil-gecer\/#webpage\"},\"wordCount\":1821,\"publisher\":{\"@id\":\"https:\/\/www.bakiciburada.com\/blog\/#organization\"},\"image\":{\"@id\":\"https:\/\/www.bakiciburada.com\/blog\/bebeklerde-kabizlik-neden-olur-kabizlik-nasil-gecer\/#primaryimage\"},\"thumbnailUrl\":\"https:\/\/www.bakiciburada.com\/blog\/wp-content\/uploads\/2020\/09\/bebeklerde-kabizlik-neden-olur.jpg\",\"keywords\":[\"2 ayl\u0131k bebeklerde kab\u0131zl\u0131k nas\u0131l giderilir\",\"3 ayl\u0131k bebeklerde kab\u0131zl\u0131k\",\"6 ayl\u0131k bebeklerde kab\u0131zl\u0131k\",\"Anne s\u00fct\u00fc alan bebeklerde kab\u0131zl\u0131k nas\u0131l Giderilir\",\"Ba\u011f\u0131rsaklar\u0131 ne \u00e7al\u0131\u015ft\u0131r\u0131r bitkisel?\",\"Bebeklerde kab\u0131zl\u0131\u011fa hangi yiyecekler iyi gelir?\",\"Gaz\u0131 olan bebe\u011fe zeytinya\u011f\u0131 verilir mi?\",\"Hangi yiyecek ve i\u00e7ecekler kab\u0131z yapar?\",\"Kab\u0131z olan bebek i\u00e7in ne yapmal\u0131?\",\"Kab\u0131zl\u0131\u011fa en \u00e7abuk ne iyi gelir?\",\"Kab\u0131zl\u0131\u011fa ne iyi gelir evde \u00e7\u00f6z\u00fcm?\",\"Kab\u0131zl\u0131k Nas\u0131l Kurtulur?\",\"Mama ile beslenen bebeklerde kab\u0131zl\u0131k nas\u0131l giderilir\"],\"inLanguage\":\"tr\"},{\"@type\":\"Person\",\"@id\":\"https:\/\/www.bakiciburada.com\/blog\/#\/schema\/person\/9dfa95f360265ef065ec8df965722045\",\"name\":\"bakiciburada.com\",\"image\":{\"@type\":\"ImageObject\",\"@id\":\"https:\/\/www.bakiciburada.com\/blog\/#personlogo\",\"inLanguage\":\"tr\",\"url\":\"https:\/\/secure.gravatar.com\/avatar\/9deb72c33eb3ac523e35b0570d18defb?s=96&d=mm&r=g\",\"contentUrl\":\"https:\/\/secure.gravatar.com\/avatar\/9deb72c33eb3ac523e35b0570d18defb?s=96&d=mm&r=g\",\"caption\":\"bakiciburada.com\"},\"url\":\"https:\/\/www.bakiciburada.com\/blog\/author\/bakiciburada-com\/\"}]}<\/script>\r\n<!-- \/ Yoast SEO plugin. -->","yoast_head_json":{"title":"Bebeklerde Kab\u0131zl\u0131k Neden Olur, Nas\u0131l Ge\u00e7er? - Bakiciburada.com","description":"Bebeklerde Kab\u0131zl\u0131k Neden Olur, Nas\u0131l Ge\u00e7er? Bebeklerin Kab\u0131z Olmas\u0131na Neden Olan G\u0131dalar, Kab\u0131zl\u0131\u011fa \u0130yi Gelen Bitkisel Tarifler","robots":{"index":"index","follow":"follow","max-snippet":"max-snippet:-1","max-image-preview":"max-image-preview:large","max-video-preview":"max-video-preview:-1"},"canonical":"https:\/\/www.bakiciburada.com\/blog\/bebeklerde-kabizlik-neden-olur-kabizlik-nasil-gecer\/","og_locale":"tr_TR","og_type":"article","og_title":"Bebeklerde Kab\u0131zl\u0131k Neden Olur, Nas\u0131l Ge\u00e7er? - Bakiciburada.com","og_description":"Bebeklerde Kab\u0131zl\u0131k Neden Olur, Nas\u0131l Ge\u00e7er? Bebeklerin Kab\u0131z Olmas\u0131na Neden Olan G\u0131dalar, Kab\u0131zl\u0131\u011fa \u0130yi Gelen Bitkisel Tarifler","og_url":"https:\/\/www.bakiciburada.com\/blog\/bebeklerde-kabizlik-neden-olur-kabizlik-nasil-gecer\/","og_site_name":"Bakiciburada.com","article_publisher":"https:\/\/www.facebook.com\/bakiciburada","article_published_time":"2022-08-12T09:17:00+00:00","article_modified_time":"2022-08-12T13:56:45+00:00","og_image":[{"width":1000,"height":666,"url":"https:\/\/www.bakiciburada.com\/blog\/wp-content\/uploads\/2020\/09\/bebeklerde-kabizlik-neden-olur.jpg","type":"image\/jpeg"}],"twitter_card":"summary_large_image","twitter_creator":"@bakiciburadacom","twitter_site":"@bakiciburadacom","twitter_misc":{"Yazan:":"bakiciburada.com","Tahmini okuma s\u00fcresi":"9 dakika"},"schema":{"@context":"https:\/\/schema.org","@graph":[{"@type":"Organization","@id":"https:\/\/www.bakiciburada.com\/blog\/#organization","name":"Bakiciburada.com","url":"https:\/\/www.bakiciburada.com\/blog\/","sameAs":["https:\/\/www.facebook.com\/bakiciburada","https:\/\/www.instagram.com\/bakiciburada\/","https:\/\/www.linkedin.com\/company\/bakiciburada-com","https:\/\/twitter.com\/bakiciburadacom"],"logo":{"@type":"ImageObject","@id":"https:\/\/www.bakiciburada.com\/blog\/#logo","inLanguage":"tr","url":"https:\/\/www.bakiciburada.com\/blog\/wp-content\/uploads\/2020\/02\/bakiciburada-logo.png","contentUrl":"https:\/\/www.bakiciburada.com\/blog\/wp-content\/uploads\/2020\/02\/bakiciburada-logo.png","width":300,"height":47,"caption":"Bakiciburada.com"},"image":{"@id":"https:\/\/www.bakiciburada.com\/blog\/#logo"}},{"@type":"WebSite","@id":"https:\/\/www.bakiciburada.com\/blog\/#website","url":"https:\/\/www.bakiciburada.com\/blog\/","name":"Bakiciburada.com","description":"Bebek Bak\u0131m\u0131, Ev \u0130\u015flerine Destek, Ya\u015fl\u0131 Bak\u0131m\u0131. Merak ettikleriniz burada.","publisher":{"@id":"https:\/\/www.bakiciburada.com\/blog\/#organization"},"potentialAction":[{"@type":"SearchAction","target":{"@type":"EntryPoint","urlTemplate":"https:\/\/www.bakiciburada.com\/blog\/?s={search_term_string}"},"query-input":"required name=search_term_string"}],"inLanguage":"tr"},{"@type":"ImageObject","@id":"https:\/\/www.bakiciburada.com\/blog\/bebeklerde-kabizlik-neden-olur-kabizlik-nasil-gecer\/#primaryimage","inLanguage":"tr","url":"https:\/\/www.bakiciburada.com\/blog\/wp-content\/uploads\/2020\/09\/bebeklerde-kabizlik-neden-olur.jpg","contentUrl":"https:\/\/www.bakiciburada.com\/blog\/wp-content\/uploads\/2020\/09\/bebeklerde-kabizlik-neden-olur.jpg","width":1000,"height":666},{"@type":"WebPage","@id":"https:\/\/www.bakiciburada.com\/blog\/bebeklerde-kabizlik-neden-olur-kabizlik-nasil-gecer\/#webpage","url":"https:\/\/www.bakiciburada.com\/blog\/bebeklerde-kabizlik-neden-olur-kabizlik-nasil-gecer\/","name":"Bebeklerde Kab\u0131zl\u0131k Neden Olur, Nas\u0131l Ge\u00e7er? - Bakiciburada.com","isPartOf":{"@id":"https:\/\/www.bakiciburada.com\/blog\/#website"},"primaryImageOfPage":{"@id":"https:\/\/www.bakiciburada.com\/blog\/bebeklerde-kabizlik-neden-olur-kabizlik-nasil-gecer\/#primaryimage"},"datePublished":"2022-08-12T09:17:00+00:00","dateModified":"2022-08-12T13:56:45+00:00","description":"Bebeklerde Kab\u0131zl\u0131k Neden Olur, Nas\u0131l Ge\u00e7er? Bebeklerin Kab\u0131z Olmas\u0131na Neden Olan G\u0131dalar, Kab\u0131zl\u0131\u011fa \u0130yi Gelen Bitkisel Tarifler","breadcrumb":{"@id":"https:\/\/www.bakiciburada.com\/blog\/bebeklerde-kabizlik-neden-olur-kabizlik-nasil-gecer\/#breadcrumb"},"inLanguage":"tr","potentialAction":[{"@type":"ReadAction","target":["https:\/\/www.bakiciburada.com\/blog\/bebeklerde-kabizlik-neden-olur-kabizlik-nasil-gecer\/"]}]},{"@type":"BreadcrumbList","@id":"https:\/\/www.bakiciburada.com\/blog\/bebeklerde-kabizlik-neden-olur-kabizlik-nasil-gecer\/#breadcrumb","itemListElement":[{"@type":"ListItem","position":1,"name":"Ana sayfa","item":"https:\/\/www.bakiciburada.com\/blog\/"},{"@type":"ListItem","position":2,"name":"Genel","item":"https:\/\/www.bakiciburada.com\/blog\/kategori\/genel\/"},{"@type":"ListItem","position":3,"name":"Bebeklerde Kab\u0131zl\u0131k Neden Olur, Nas\u0131l Ge\u00e7er?"}]},{"@type":"NewsArticle","@id":"https:\/\/www.bakiciburada.com\/blog\/bebeklerde-kabizlik-neden-olur-kabizlik-nasil-gecer\/#article","isPartOf":{"@id":"https:\/\/www.bakiciburada.com\/blog\/bebeklerde-kabizlik-neden-olur-kabizlik-nasil-gecer\/#webpage"},"author":{"@id":"https:\/\/www.bakiciburada.com\/blog\/#\/schema\/person\/9dfa95f360265ef065ec8df965722045"},"headline":"Bebeklerde Kab\u0131zl\u0131k Neden Olur, Nas\u0131l Ge\u00e7er?","datePublished":"2022-08-12T09:17:00+00:00","dateModified":"2022-08-12T13:56:45+00:00","mainEntityOfPage":{"@id":"https:\/\/www.bakiciburada.com\/blog\/bebeklerde-kabizlik-neden-olur-kabizlik-nasil-gecer\/#webpage"},"wordCount":1821,"publisher":{"@id":"https:\/\/www.bakiciburada.com\/blog\/#organization"},"image":{"@id":"https:\/\/www.bakiciburada.com\/blog\/bebeklerde-kabizlik-neden-olur-kabizlik-nasil-gecer\/#primaryimage"},"thumbnailUrl":"https:\/\/www.bakiciburada.com\/blog\/wp-content\/uploads\/2020\/09\/bebeklerde-kabizlik-neden-olur.jpg","keywords":["2 ayl\u0131k bebeklerde kab\u0131zl\u0131k nas\u0131l giderilir","3 ayl\u0131k bebeklerde kab\u0131zl\u0131k","6 ayl\u0131k bebeklerde kab\u0131zl\u0131k","Anne s\u00fct\u00fc alan bebeklerde kab\u0131zl\u0131k nas\u0131l Giderilir","Ba\u011f\u0131rsaklar\u0131 ne \u00e7al\u0131\u015ft\u0131r\u0131r bitkisel?","Bebeklerde kab\u0131zl\u0131\u011fa hangi yiyecekler iyi gelir?","Gaz\u0131 olan bebe\u011fe zeytinya\u011f\u0131 verilir mi?","Hangi yiyecek ve i\u00e7ecekler kab\u0131z yapar?","Kab\u0131z olan bebek i\u00e7in ne yapmal\u0131?","Kab\u0131zl\u0131\u011fa en \u00e7abuk ne iyi gelir?","Kab\u0131zl\u0131\u011fa ne iyi gelir evde \u00e7\u00f6z\u00fcm?","Kab\u0131zl\u0131k Nas\u0131l Kurtulur?","Mama ile beslenen bebeklerde kab\u0131zl\u0131k nas\u0131l giderilir"],"inLanguage":"tr"},{"@type":"Person","@id":"https:\/\/www.bakiciburada.com\/blog\/#\/schema\/person\/9dfa95f360265ef065ec8df965722045","name":"bakiciburada.com","image":{"@type":"ImageObject","@id":"https:\/\/www.bakiciburada.com\/blog\/#personlogo","inLanguage":"tr","url":"https:\/\/secure.gravatar.com\/avatar\/9deb72c33eb3ac523e35b0570d18defb?s=96&d=mm&r=g","contentUrl":"https:\/\/secure.gravatar.com\/avatar\/9deb72c33eb3ac523e35b0570d18defb?s=96&d=mm&r=g","caption":"bakiciburada.com"},"url":"https:\/\/www.bakiciburada.com\/blog\/author\/bakiciburada-com\/"}]}},"_links":{"self":[{"href":"https:\/\/www.bakiciburada.com\/blog\/wp-json\/wp\/v2\/posts\/2075"}],"collection":[{"href":"https:\/\/www.bakiciburada.com\/blog\/wp-json\/wp\/v2\/posts"}],"about":[{"href":"https:\/\/www.bakiciburada.com\/blog\/wp-json\/wp\/v2\/types\/post"}],"author":[{"embeddable":true,"href":"https:\/\/www.bakiciburada.com\/blog\/wp-json\/wp\/v2\/users\/1"}],"replies":[{"embeddable":true,"href":"https:\/\/www.bakiciburada.com\/blog\/wp-json\/wp\/v2\/comments?post=2075"}],"version-history":[{"count":6,"href":"https:\/\/www.bakiciburada.com\/blog\/wp-json\/wp\/v2\/posts\/2075\/revisions"}],"predecessor-version":[{"id":3000,"href":"https:\/\/www.bakiciburada.com\/blog\/wp-json\/wp\/v2\/posts\/2075\/revisions\/3000"}],"wp:featuredmedia":[{"embeddable":true,"href":"https:\/\/www.bakiciburada.com\/blog\/wp-json\/wp\/v2\/media\/2082"}],"wp:attachment":[{"href":"https:\/\/www.bakiciburada.com\/blog\/wp-json\/wp\/v2\/media?parent=2075"}],"wp:term":[{"taxonomy":"category","embeddable":true,"href":"https:\/\/www.bakiciburada.com\/blog\/wp-json\/wp\/v2\/categories?post=2075"},{"taxonomy":"post_tag","embeddable":true,"href":"https:\/\/www.bakiciburada.com\/blog\/wp-json\/wp\/v2\/tags?post=2075"}],"curies":[{"name":"wp","href":"https:\/\/api.w.org\/{rel}","templated":true}]}}